{"id":333,"date":"2020-01-28T12:03:53","date_gmt":"2020-01-28T11:03:53","guid":{"rendered":"https:\/\/abs-magazin.eu\/wordpress\/?p=333"},"modified":"2020-01-29T11:02:57","modified_gmt":"2020-01-29T10:02:57","slug":"eine-schulkultur","status":"publish","type":"post","link":"https:\/\/abs-magazin.eu\/wordpress\/2020\/01\/28\/eine-schulkultur\/","title":{"rendered":"Eine Schulkultur"},"content":{"rendered":"\n\n\n\n\n\n\n[et_pb_section fb_built=&#8220;1&#8243; _builder_version=&#8220;4.2.2&#8243;][et_pb_row _builder_version=&#8220;4.2.2&#8243;][et_pb_column type=&#8220;4_4&#8243; _builder_version=&#8220;4.2.2&#8243;][et_pb_text _builder_version=&#8220;4.2.2&#8243;]<p>\u201eNicht f\u00fcr die Schule, sondern f\u00fcr das Leben lernen wir.\u201c Diese Aussage wurde erneut mit dem Plakatwettbewerb des Landkreises Offenbach in Zusammenarbeit mit der August-Bebel-Schule best\u00e4tigt.<\/p>\n<p>&nbsp;<\/p>\n<p>&nbsp;<\/p>[\/et_pb_text][et_pb_image src=&#8220;https:\/\/abs-magazin.eu\/wordpress\/wp-content\/uploads\/2020\/01\/plakatwettbewerb_kreis_of_gruppe.jpg&#8220; align=&#8220;center&#8220; _builder_version=&#8220;4.2.2&#8243; max_width=&#8220;65%&#8220; module_alignment=&#8220;center&#8220; hover_enabled=&#8220;0&#8243;][\/et_pb_image][\/et_pb_column][\/et_pb_row][et_pb_row _builder_version=&#8220;4.2.2&#8243;][et_pb_column type=&#8220;4_4&#8243; _builder_version=&#8220;4.2.2&#8243;][et_pb_text _builder_version=&#8220;4.2.2&#8243;]<p>In diesem Wettbewerb hatten die Sch\u00fclerinnen und Sch\u00fcler der August-Bebel-Schule die M\u00f6glichkeit, den Slogan des Wirtschaftsstandorts Offenbach \u201eSchneller. St\u00e4rker. Smarter.\u201c in Form von Plakaten zu visualisieren. In dem Entstehungsprozess konnten die Sch\u00fclerinnen und Sch\u00fcler berufliche Erfahrungen sammeln, die im sp\u00e4teren Leben und auf dem Arbeitsmarkt von gro\u00dfer Bedeutung sind. W\u00e4hrend der Arbeitszeit standen Rolf Winckler und Horst Olbrisch, erfahrene Lehrer der Schule, den Sch\u00fclerinnen und Sch\u00fcler mit Rat und Tat zur Seite. Bei der Preisverleihung des Wettbewerbs, die am 13.03.2018 im Kreishaus stattfand, kamen Landrat Oliver Quilling, Mitarbeiterinnen und Mitarbeiter des Kreises, die Jury, Schulleiter Raimund Kirschner, Lehrerinnen und Lehrer und die Gewinnerinnen und Gewinner zusammen, um die leidenschaftliche Arbeit zu ehren. Simon Sachs freute sich dabei \u00fcber den ersten Platz.<\/p>\n<p>&nbsp;<\/p>[\/et_pb_text][\/et_pb_column][\/et_pb_row][et_pb_row _builder_version=&#8220;4.2.2&#8243;][et_pb_column type=&#8220;4_4&#8243; _builder_version=&#8220;4.2.2&#8243;][et_pb_image src=&#8220;https:\/\/abs-magazin.eu\/wordpress\/wp-content\/uploads\/2020\/01\/plakatwettbewerb_kreis_of_gewinner-1.jpg&#8220; align=&#8220;center&#8220; _builder_version=&#8220;4.2.2&#8243; transform_scale=&#8220;120%|120%&#8220; hover_enabled=&#8220;0&#8243;][\/et_pb_image][\/et_pb_column][\/et_pb_row][et_pb_row _builder_version=&#8220;4.2.2&#8243;][et_pb_column type=&#8220;4_4&#8243; _builder_version=&#8220;4.2.2&#8243;][et_pb_image src=&#8220;https:\/\/abs-magazin.eu\/wordpress\/wp-content\/uploads\/2020\/01\/RTEmagicC_plakatwettbewerb_kreis_of_redner.jpg&#8220; align=&#8220;center&#8220; _builder_version=&#8220;4.2.2&#8243; hover_enabled=&#8220;0&#8243;][\/et_pb_image][\/et_pb_column][\/et_pb_row][et_pb_row _builder_version=&#8220;4.2.2&#8243;][et_pb_column type=&#8220;4_4&#8243; _builder_version=&#8220;4.2.2&#8243;][et_pb_text _builder_version=&#8220;4.2.2&#8243;]<p>&nbsp;<\/p>\n<p>Landrat Quilling bezeichnete die August-Bebel-Schule als das Kreativzentrum in Offenbach und bewertete die Zusammenarbeit mit ihr als hervorragend. Die entstandenen Werke wurden von der Jury als sehr eindrucksvoll empfunden. Frau Berres als Stellvertreterin der Jury: \u201eIn jedem Plakat steckt eine gewisse Pfiffigkeit, die unsere Entscheidungen schwer machte.\u201c Die Teilnahme an Wettbewerben sei laut Schulleiter Kirschner schon l\u00e4ngst zur Schulkultur geworden, denn solche Arbeiten motivieren die Sch\u00fclerinnen und Sch\u00fcler und mache sie mit den H\u00fcrden und Chancen im sp\u00e4teren, beruflichen Leben vertraut. \u201eNicht f\u00fcr die Schule, sondern f\u00fcr das Leben lernen wir.\u201c, so Kirschner.<\/p>[\/et_pb_text][\/et_pb_column][\/et_pb_row][\/et_pb_section]\n\n\n\n\n\n\n","protected":false},"excerpt":{"rendered":"<p>\u201eNicht f\u00fcr die Schule, sondern f\u00fcr das Leben lernen wir.\u201c Diese Aussage wurde erneut mit dem Plakatwettbewerb des Landkreises Offenbach in Zusammenarbeit mit der August-Bebel-Schule best\u00e4tigt. &nbsp; &nbsp;In diesem Wettbewerb hatten die Sch\u00fclerinnen und Sch\u00fcler der August-Bebel-Schule die M\u00f6glichkeit, den Slogan des Wirtschaftsstandorts Offenbach \u201eSchneller. St\u00e4rker. Smarter.\u201c in Form von Plakaten zu visualisieren. In dem [&hellip;]<\/p>\n","protected":false},"author":2,"featured_media":496,"comment_status":"open","ping_status":"open","sticky":false,"template":"","format":"standard","meta":{"_et_pb_use_builder":"on","_et_pb_old_content":"","_et_gb_content_width":""},"categories":[3],"tags":[],"_links":{"self":[{"href":"https:\/\/abs-magazin.eu\/wordpress\/wp-json\/wp\/v2\/posts\/333"}],"collection":[{"href":"https:\/\/abs-magazin.eu\/wordpress\/wp-json\/wp\/v2\/posts"}],"about":[{"href":"https:\/\/abs-magazin.eu\/wordpress\/wp-json\/wp\/v2\/types\/post"}],"author":[{"embeddable":true,"href":"https:\/\/abs-magazin.eu\/wordpress\/wp-json\/wp\/v2\/users\/2"}],"replies":[{"embeddable":true,"href":"https:\/\/abs-magazin.eu\/wordpress\/wp-json\/wp\/v2\/comments?post=333"}],"version-history":[{"count":11,"href":"https:\/\/abs-magazin.eu\/wordpress\/wp-json\/wp\/v2\/posts\/333\/revisions"}],"predecessor-version":[{"id":479,"href":"https:\/\/abs-magazin.eu\/wordpress\/wp-json\/wp\/v2\/posts\/333\/revisions\/479"}],"wp:featuredmedia":[{"embeddable":true,"href":"https:\/\/abs-magazin.eu\/wordpress\/wp-json\/wp\/v2\/media\/496"}],"wp:attachment":[{"href":"https:\/\/abs-magazin.eu\/wordpress\/wp-json\/wp\/v2\/media?parent=333"}],"wp:term":[{"taxonomy":"category","embeddable":true,"href":"https:\/\/abs-magazin.eu\/wordpress\/wp-json\/wp\/v2\/categories?post=333"},{"taxonomy":"post_tag","embeddable":true,"href":"https:\/\/abs-magazin.eu\/wordpress\/wp-json\/wp\/v2\/tags?post=333"}],"curies":[{"name":"wp","href":"https:\/\/api.w.org\/{rel}","templated":true}]}}